{"id":2983,"date":"2024-04-17T13:44:40","date_gmt":"2024-04-17T11:44:40","guid":{"rendered":"https:\/\/www.apeg.eu\/?p=2983"},"modified":"2024-04-17T14:56:54","modified_gmt":"2024-04-17T12:56:54","slug":"der-vorhang-oeffnet-sich-bald-wieder","status":"publish","type":"post","link":"https:\/\/www.apeg.eu\/de\/der-vorhang-oeffnet-sich-bald-wieder\/","title":{"rendered":"Der Vorhang \u00f6ffnet sich bald wieder&#8230;"},"content":{"rendered":"<p>[et_pb_section fb_built=&#8220;1&#8243; _builder_version=&#8220;4.17.3&#8243; _module_preset=&#8220;default&#8220; global_colors_info=&#8220;{}&#8220;][et_pb_row _builder_version=&#8220;4.17.3&#8243; _module_preset=&#8220;default&#8220; custom_padding=&#8220;45px|||||&#8220; global_colors_info=&#8220;{}&#8220;][et_pb_column type=&#8220;4_4&#8243; _builder_version=&#8220;4.19.0&#8243; _module_preset=&#8220;default&#8220; global_colors_info=&#8220;{}&#8220;][et_pb_text _builder_version=&#8220;4.24.3&#8243; _module_preset=&#8220;default&#8220; text_font_size=&#8220;16px&#8220; header_line_height=&#8220;1.3em&#8220; custom_padding=&#8220;35px|||||&#8220; link_option_url=&#8220;https:\/\/visio-agents.education.fr\/meeting\/signin\/259440\/creator\/76413\/hash\/d49dbdb959df798371c3e55e7b9dd0d3815ebfea&#8220; global_colors_info=&#8220;{}&#8220;]<\/p>\n<p><span style=\"color: #ff0000;\"><strong>Am 14. und 16. Mai<\/strong> <\/span>finden, jeweils um 19:30 Uhr, die diesj\u00e4hrigen <strong>Theaterauff\u00fchrungen<\/strong> statt.<\/p>\n<p>Die Sch\u00fcler haben <strong>flei\u00dfig geprobt<\/strong>, das <strong>kreative B\u00fchnenbild<\/strong> und die <strong>modernen Adaptionen<\/strong> warten mit einigen \u00dcberraschungen auf Sie.<\/p>\n<p><strong>Wir freuen uns auf Ihr Kommen.<\/strong><\/p>\n<p>&nbsp;<\/p>\n<p><em><strong>Hinweis:<\/strong><\/em> <em>Aufgrund der gegenw\u00e4rtigen Situation (vigipirate) finden Sie hier in K\u00fcrze n\u00e4here Informationen zur Anmeldung.<\/em><\/p>\n<p>[\/et_pb_text][\/et_pb_column][\/et_pb_row][\/et_pb_section]<\/p>\n","protected":false},"excerpt":{"rendered":"<p>Wer kennt ihn nicht, den Faust von Goethe. Immer wieder interessant, immer wieder anders. So auch in der Inszenierung der diesj\u00e4hrigen Theatergruppe.<br \/>\nSeien Sie dabei, wenn der Vorhang sich \u00f6ffnet am<br \/>\n14. und 16. Mai im salle cin\u00e8ma des CIV. <\/p>\n","protected":false},"author":3,"featured_media":2986,"comment_status":"closed","ping_status":"closed","sticky":false,"template":"","format":"standard","meta":{"_et_pb_use_builder":"on","_et_pb_old_content":"","_et_gb_content_width":"1080","footnotes":""},"categories":[1],"tags":[],"class_list":["post-2983","post","type-post","status-publish","format-standard","has-post-thumbnail","hentry","category-non-classifiee"],"_links":{"self":[{"href":"https:\/\/www.apeg.eu\/de\/wp-json\/wp\/v2\/posts\/2983","targetHints":{"allow":["GET"]}}],"collection":[{"href":"https:\/\/www.apeg.eu\/de\/wp-json\/wp\/v2\/posts"}],"about":[{"href":"https:\/\/www.apeg.eu\/de\/wp-json\/wp\/v2\/types\/post"}],"author":[{"embeddable":true,"href":"https:\/\/www.apeg.eu\/de\/wp-json\/wp\/v2\/users\/3"}],"replies":[{"embeddable":true,"href":"https:\/\/www.apeg.eu\/de\/wp-json\/wp\/v2\/comments?post=2983"}],"version-history":[{"count":18,"href":"https:\/\/www.apeg.eu\/de\/wp-json\/wp\/v2\/posts\/2983\/revisions"}],"predecessor-version":[{"id":3007,"href":"https:\/\/www.apeg.eu\/de\/wp-json\/wp\/v2\/posts\/2983\/revisions\/3007"}],"wp:featuredmedia":[{"embeddable":true,"href":"https:\/\/www.apeg.eu\/de\/wp-json\/wp\/v2\/media\/2986"}],"wp:attachment":[{"href":"https:\/\/www.apeg.eu\/de\/wp-json\/wp\/v2\/media?parent=2983"}],"wp:term":[{"taxonomy":"category","embeddable":true,"href":"https:\/\/www.apeg.eu\/de\/wp-json\/wp\/v2\/categories?post=2983"},{"taxonomy":"post_tag","embeddable":true,"href":"https:\/\/www.apeg.eu\/de\/wp-json\/wp\/v2\/tags?post=2983"}],"curies":[{"name":"wp","href":"https:\/\/api.w.org\/{rel}","templated":true}]}}