{"id":2617,"date":"2023-11-19T17:44:00","date_gmt":"2023-11-19T16:44:00","guid":{"rendered":"https:\/\/www.apeg.eu\/?p=2617"},"modified":"2023-12-19T19:04:12","modified_gmt":"2023-12-19T18:04:12","slug":"informationveranstaltung-fuer-die-zukuenftigen-schueler-der-6-klasse-der-internationalen-sektionen","status":"publish","type":"post","link":"https:\/\/www.apeg.eu\/de\/informationveranstaltung-fuer-die-zukuenftigen-schueler-der-6-klasse-der-internationalen-sektionen\/","title":{"rendered":"Informationveranstaltung f\u00fcr die zuk\u00fcnftigen Sch\u00fcler der 6. Klasse der Internationalen Sektionen"},"content":{"rendered":"<p>[et_pb_section fb_built=&#8220;1&#8243; _builder_version=&#8220;4.19.0&#8243; _module_preset=&#8220;default&#8220; global_colors_info=&#8220;{}&#8220;][et_pb_row _builder_version=&#8220;4.19.0&#8243; _module_preset=&#8220;default&#8220; global_colors_info=&#8220;{}&#8220;][et_pb_column type=&#8220;4_4&#8243; _builder_version=&#8220;4.19.0&#8243; _module_preset=&#8220;default&#8220; global_colors_info=&#8220;{}&#8220;][et_pb_text _builder_version=&#8220;4.23.1&#8243; _module_preset=&#8220;default&#8220; text_font_size=&#8220;16px&#8220; header_font_size=&#8220;33px&#8220; header_line_height=&#8220;1.3em&#8220; custom_padding=&#8220;0px|||||&#8220; global_colors_info=&#8220;{}&#8220;]<\/p>\n<h1><strong>Information zur Anmeldung der Sch\u00fcler der zuk\u00fcnftigen 6. Klassen in der internationalen Sektion<\/strong><\/h1>\n<p>&nbsp;<\/p>\n<p>Die <strong>Informationsveranstaltungen f\u00fcr Familien<\/strong> f\u00fcr die Aufnahme der Sch\u00fcler in die 6. Klasse der <strong>Internationalen Sektion <\/strong>im Schuljahr 2024\/25 findet online statt<\/p>\n<p><span style=\"text-decoration: underline;\">Bereich Sophia Antipolis <strong>(online)<\/strong><\/span><\/p>\n<p>&#8211; <strong>Montag, 27. November 2023, um 18 Uhr<\/strong><\/p>\n<p><strong>&#8211; Dienstag, 28. November 2023, um 18 Uhr<\/strong><\/p>\n<p>[\/et_pb_text][\/et_pb_column][\/et_pb_row][\/et_pb_section]<\/p>\n","protected":false},"excerpt":{"rendered":"<p>Die Informationsveranstaltungen f\u00fcr die Aufnahme in die Internationale Sektion in der 6. Klasse f\u00fcr das Schuljahr 2024\/25 findet an folgenden Terminen statt:<\/p>\n<p>Gebiet Sophia-Antipolis (als Webinar)<br \/>\n&#8211; Montag, 27. November 2023 um 18 Uhr<br \/>\n&#8211; Dienstag, 28. November 2023 um 18 Uhr<\/p>\n","protected":false},"author":3,"featured_media":2608,"comment_status":"closed","ping_status":"closed","sticky":false,"template":"","format":"standard","meta":{"_et_pb_use_builder":"on","_et_pb_old_content":"","_et_gb_content_width":"1080","footnotes":""},"categories":[1,18],"tags":[],"class_list":["post-2617","post","type-post","status-publish","format-standard","has-post-thumbnail","hentry","category-non-classifiee","category-unkategorisiert"],"_links":{"self":[{"href":"https:\/\/www.apeg.eu\/de\/wp-json\/wp\/v2\/posts\/2617","targetHints":{"allow":["GET"]}}],"collection":[{"href":"https:\/\/www.apeg.eu\/de\/wp-json\/wp\/v2\/posts"}],"about":[{"href":"https:\/\/www.apeg.eu\/de\/wp-json\/wp\/v2\/types\/post"}],"author":[{"embeddable":true,"href":"https:\/\/www.apeg.eu\/de\/wp-json\/wp\/v2\/users\/3"}],"replies":[{"embeddable":true,"href":"https:\/\/www.apeg.eu\/de\/wp-json\/wp\/v2\/comments?post=2617"}],"version-history":[{"count":9,"href":"https:\/\/www.apeg.eu\/de\/wp-json\/wp\/v2\/posts\/2617\/revisions"}],"predecessor-version":[{"id":2737,"href":"https:\/\/www.apeg.eu\/de\/wp-json\/wp\/v2\/posts\/2617\/revisions\/2737"}],"wp:featuredmedia":[{"embeddable":true,"href":"https:\/\/www.apeg.eu\/de\/wp-json\/wp\/v2\/media\/2608"}],"wp:attachment":[{"href":"https:\/\/www.apeg.eu\/de\/wp-json\/wp\/v2\/media?parent=2617"}],"wp:term":[{"taxonomy":"category","embeddable":true,"href":"https:\/\/www.apeg.eu\/de\/wp-json\/wp\/v2\/categories?post=2617"},{"taxonomy":"post_tag","embeddable":true,"href":"https:\/\/www.apeg.eu\/de\/wp-json\/wp\/v2\/tags?post=2617"}],"curies":[{"name":"wp","href":"https:\/\/api.w.org\/{rel}","templated":true}]}}