{"id":2402,"date":"2023-11-07T08:11:00","date_gmt":"2023-11-07T07:11:00","guid":{"rendered":"https:\/\/www.apeg.eu\/?p=2402"},"modified":"2023-11-19T20:52:38","modified_gmt":"2023-11-19T19:52:38","slug":"vollmacht-fuer-die-jahreshauptversammlung-procuration-pour-lassemblee-annuelle","status":"publish","type":"post","link":"https:\/\/www.apeg.eu\/de\/vollmacht-fuer-die-jahreshauptversammlung-procuration-pour-lassemblee-annuelle\/","title":{"rendered":"UPDATE &#8211; Jahreshauptversammlung der APEG &#8211; hybrid"},"content":{"rendered":"<p>[et_pb_section fb_built=&#8220;1&#8243; _builder_version=&#8220;4.19.0&#8243; _module_preset=&#8220;default&#8220; global_colors_info=&#8220;{}&#8220;][et_pb_row _builder_version=&#8220;4.19.0&#8243; _module_preset=&#8220;default&#8220; global_colors_info=&#8220;{}&#8220;][et_pb_column type=&#8220;4_4&#8243; _builder_version=&#8220;4.19.0&#8243; _module_preset=&#8220;default&#8220; global_colors_info=&#8220;{}&#8220;][et_pb_text _builder_version=&#8220;4.23&#8243; _module_preset=&#8220;default&#8220; global_colors_info=&#8220;{}&#8220;]<\/p>\n<div class=\"et_pb_column et_pb_column_4_4 et_pb_column_0  et_pb_css_mix_blend_mode_passthrough et-last-child\">\n<div class=\"et_pb_module et_pb_text et_pb_text_0  et_pb_text_align_left et_pb_bg_layout_light\">\n<div class=\"et_pb_text_inner\">\n<h2>23. November 2023 &#8211; Jahreshauptversammlung,<\/h2>\n<h2><strong>Im CIV- Saal Harmonique \/ Agora<\/strong><\/h2>\n<p><strong><\/strong><\/p>\n<p><strong>Wir beginnen mit einem geselligen Aperitif<\/strong> und der Gelegenheit zum Austausch und Gespr\u00e4ch mit den anderen Eltern und Lehrern.<\/p>\n<p><u>Die <strong>ordentliche Hauptversammlung findet statt von 19:30 bis 20:30 Uhr<br \/><\/strong><\/u><\/p>\n<p>&#8211;\u00a0 \u00a0 \u00a0 Jahresbericht der Pr\u00e4sidentin<br \/>&#8211;\u00a0\u00a0\u00a0\u00a0\u00a0\u00a0 Bericht \u00fcber die Veranstaltungen 2022-2023<br \/>&#8211;\u00a0\u00a0\u00a0\u00a0\u00a0\u00a0 Rechenschaftsbericht zu Einnahmen und Ausgaben 2022-2023<br \/>&#8211;\u00a0\u00a0\u00a0\u00a0\u00a0\u00a0 Vorschau Budget 2023-2024<br \/>&#8211;\u00a0\u00a0\u00a0\u00a0\u00a0\u00a0 Wahl der neuen B\u00fcromitglieder<\/p>\n<p>Zum\u00a0<strong>Einlass<\/strong>\u00a0m\u00fcssen alle Mitglieder aus Sicherheitsgr\u00fcnden dem Pf\u00f6rtner des CIV ihre\u00a0<strong>Einladung zur Hauptversammlung<\/strong>\u00a0sowie\u00a0<strong>Ausweis oder Reisepass<\/strong>\u00a0vorzeigen.<\/p>\n<p><strong>Sollten Sie verhindert sein,<\/strong> k\u00f6nnen Sie anhand der anh\u00e4ngenden Vollmacht im Link an den Wahlen teilnehmen, indem Sie die ausgef\u00fcllte Vollmacht scannen und an die Adresse\u00a0<a href=\"mailto:bureau@apeg.eu\"><strong>bureau@apeg.eu<\/strong><\/a>\u00a0oder ein Mitglied Ihrer Wahl schicken.<\/p>\n<p>&nbsp;<\/p>\n<p>&nbsp;<\/p>\n<\/div>\n<\/div>\n<\/div>\n<p>[\/et_pb_text][et_pb_button button_url=&#8220;https:\/\/www.apeg.eu\/wp-content\/uploads\/2023\/11\/Procuration-AGO-23-nov-2023.pdf&#8220; button_text=&#8220;Vollmacht&#8220; button_alignment=&#8220;center&#8220; _builder_version=&#8220;4.23&#8243; _module_preset=&#8220;default&#8220; custom_button=&#8220;on&#8220; button_text_color=&#8220;#FFFFFF&#8220; button_bg_color=&#8220;#E09900&#8243; button_border_radius=&#8220;7px&#8220; button_font=&#8220;|600||on|||||&#8220; global_colors_info=&#8220;{}&#8220;][\/et_pb_button][et_pb_text _builder_version=&#8220;4.23.1&#8243; _module_preset=&#8220;default&#8220; hover_enabled=&#8220;0&#8243; sticky_enabled=&#8220;0&#8243; text_text_color=&#8220;#C5310D&#8220; text_font_size=&#8220;18px&#8220; text_line_height=&#8220;1.8em&#8220; custom_padding=&#8220;38px||32px|||&#8220;]<\/p>\n<p><strong>In diesem Jahr werden wir unsere Hauptversammlung als Hybrid veranstalten. Wir freuen uns, wenn Sie pers\u00f6nlich kommen, aber diejenigen Eltern, die online teilnehmen m\u00f6chten, finden den Link hier:<\/strong><\/p>\n<p>[\/et_pb_text][et_pb_button button_text=&#8220;Link zur Online-Teilnahme&#8220; _builder_version=&#8220;4.23.1&#8243; _module_preset=&#8220;default&#8220; hover_enabled=&#8220;0&#8243; sticky_enabled=&#8220;0&#8243; button_url=&#8220;meet.google.com\/see-ptna-pwd&#8220; button_alignment=&#8220;center&#8220; custom_button=&#8220;on&#8220; button_text_color=&#8220;#FFFFFF&#8220; button_bg_color=&#8220;#C5310D&#8220; button_bg_enable_color=&#8220;on&#8220; button_border_width=&#8220;7px&#8220; button_border_color=&#8220;#C5310D&#8220; button_border_radius=&#8220;7px&#8220; button_font=&#8220;|600|||||||&#8220;][\/et_pb_button][et_pb_text _builder_version=&#8220;4.23&#8243; _module_preset=&#8220;default&#8220; global_colors_info=&#8220;{}&#8220;]<\/p>\n<p><span style=\"color: #ff0000;\"><strong>Machen Sie mit!\u00a0<\/strong><\/span><\/p>\n<p><span>Liebe Eltern,<\/span><\/p>\n<p>die <strong>APEG erneuert<\/strong> sich jedes Jahr ein wenig \u2013 Mitglieder verlassen das Gremium, weil ihre Kinder den Schulabschluss haben, weil sich die Priorit\u00e4ten ver\u00e4ndern oder eine Wahlperiode endet.<\/p>\n<p><span>So sind wir auch in diesem Jahr auf der <\/span><span>Suche nach <strong>engagierten Eltern<\/strong><\/span><span>, <strong>die sich gerne einbringen m\u00f6chten.<\/strong> Ihre Mitarbeit ist von unsch\u00e4tzbarem Wert und tr\u00e4gt dazu bei, dass <strong>unsere Kinder eine unvergessliche Schulzeit erleben k\u00f6nnen.<\/strong><\/span><\/p>\n<p><span>Wenn Sie Interesse haben, bei der <strong>Organisation von Festen<\/strong> (Weihnachten, Kino, Theater, Abschlusspartys, \u2026), <strong>\u00dcberpr\u00fcfung der Finanzen<\/strong>, <strong>Gestaltung des Jahrbuches<\/strong> etc. mitzuwirken, z\u00f6gern Sie nicht, sich bei uns zu melden. Gemeinsam k\u00f6nnen wir dazu beitragen, dass <strong>unsere Kinder eine bereichernde und unterst\u00fctzende schulische Erfahrung machen.<\/strong> <\/span><\/p>\n<p>&nbsp;<\/p>\n<p>M\u00f6chten Sie Mitglied des APEG-Teams zu werden? Lernen Sie uns besser kennen oder Sie schicken einfach vor dem 17. November 2023 eine Mail an <a href=\"mailto:bureau@apeg.eu\"><strong>bureau@apeg.eu<\/strong><\/a><\/p>\n<p>Wir freuen uns darauf, Sie am 23. November zu sehen.<\/p>\n<p>[\/et_pb_text][\/et_pb_column][\/et_pb_row][et_pb_row _builder_version=&#8220;4.19.0&#8243; _module_preset=&#8220;default&#8220; global_colors_info=&#8220;{}&#8220;][et_pb_column type=&#8220;4_4&#8243; _builder_version=&#8220;4.19.0&#8243; _module_preset=&#8220;default&#8220; global_colors_info=&#8220;{}&#8220;][\/et_pb_column][\/et_pb_row][\/et_pb_section]<\/p>\n","protected":false},"excerpt":{"rendered":"<p>Donnerstag, den 23. November um 18:30 im CIV- Saal Harmonique \/ Agora<\/p>\n<p>Wir beginnen mit einem geselligen Aperitif und der Gelegenheit zum Austausch und Gespr\u00e4ch mit den anderen Elern und Lehrern &#8230;<\/p>\n","protected":false},"author":3,"featured_media":2572,"comment_status":"closed","ping_status":"closed","sticky":false,"template":"","format":"standard","meta":{"_et_pb_use_builder":"on","_et_pb_old_content":"","_et_gb_content_width":"1080","footnotes":""},"categories":[1,18],"tags":[],"class_list":["post-2402","post","type-post","status-publish","format-standard","has-post-thumbnail","hentry","category-non-classifiee","category-unkategorisiert"],"_links":{"self":[{"href":"https:\/\/www.apeg.eu\/de\/wp-json\/wp\/v2\/posts\/2402","targetHints":{"allow":["GET"]}}],"collection":[{"href":"https:\/\/www.apeg.eu\/de\/wp-json\/wp\/v2\/posts"}],"about":[{"href":"https:\/\/www.apeg.eu\/de\/wp-json\/wp\/v2\/types\/post"}],"author":[{"embeddable":true,"href":"https:\/\/www.apeg.eu\/de\/wp-json\/wp\/v2\/users\/3"}],"replies":[{"embeddable":true,"href":"https:\/\/www.apeg.eu\/de\/wp-json\/wp\/v2\/comments?post=2402"}],"version-history":[{"count":26,"href":"https:\/\/www.apeg.eu\/de\/wp-json\/wp\/v2\/posts\/2402\/revisions"}],"predecessor-version":[{"id":2646,"href":"https:\/\/www.apeg.eu\/de\/wp-json\/wp\/v2\/posts\/2402\/revisions\/2646"}],"wp:featuredmedia":[{"embeddable":true,"href":"https:\/\/www.apeg.eu\/de\/wp-json\/wp\/v2\/media\/2572"}],"wp:attachment":[{"href":"https:\/\/www.apeg.eu\/de\/wp-json\/wp\/v2\/media?parent=2402"}],"wp:term":[{"taxonomy":"category","embeddable":true,"href":"https:\/\/www.apeg.eu\/de\/wp-json\/wp\/v2\/categories?post=2402"},{"taxonomy":"post_tag","embeddable":true,"href":"https:\/\/www.apeg.eu\/de\/wp-json\/wp\/v2\/tags?post=2402"}],"curies":[{"name":"wp","href":"https:\/\/api.w.org\/{rel}","templated":true}]}}