{"id":2342,"date":"2022-10-03T15:22:42","date_gmt":"2022-10-03T13:22:42","guid":{"rendered":"https:\/\/www.apeg.eu\/?p=2342"},"modified":"2022-12-05T14:26:39","modified_gmt":"2022-12-05T13:26:39","slug":"theatergruppe-2","status":"publish","type":"post","link":"https:\/\/www.apeg.eu\/de\/theatergruppe-2\/","title":{"rendered":"Theatergruppe"},"content":{"rendered":"<p>[et_pb_section fb_built=&#8220;1&#8243; theme_builder_area=&#8220;post_content&#8220; _builder_version=&#8220;4.19.0&#8243; _module_preset=&#8220;default&#8220;][et_pb_row _builder_version=&#8220;4.19.0&#8243; _module_preset=&#8220;default&#8220; theme_builder_area=&#8220;post_content&#8220;][et_pb_column _builder_version=&#8220;4.19.0&#8243; _module_preset=&#8220;default&#8220; type=&#8220;4_4&#8243; theme_builder_area=&#8220;post_content&#8220;][et_pb_text _builder_version=&#8220;4.19.0&#8243; _module_preset=&#8220;default&#8220; theme_builder_area=&#8220;post_content&#8220; hover_enabled=&#8220;0&#8243; sticky_enabled=&#8220;0&#8243;]<\/p>\n<h3 style=\"text-align: left;\"><span style=\"color: #800000;\">THEATERGRUPPE<br \/><\/span><\/h3>\n<h4 style=\"text-align: left;\"><strong>Saison 2022-2023<br \/><\/strong><\/h4>\n<p style=\"text-align: left;\"><span style=\"color: #800000;\"><strong>\u00a0<\/strong><\/span>\u00a0<\/p>\n<p>Auf der B\u00fchne stehen, Rollen einstudieren, Emotionen und Charaktere verk\u00f6rpern &#8230;<\/p>\n<p><strong>Wann?:<\/strong> \u00a0\u00a0\u00a0\u00a0\u00a0\u00a0\u00a0\u00a0\u00a0\u00a0\u00a0\u00a0 Dienstags um 19h30<\/p>\n<p><strong>Wer?<\/strong> \u00a0\u00a0\u00a0\u00a0\u00a0\u00a0\u00a0\u00a0\u00a0\u00a0\u00a0\u00a0\u00a0\u00a0\u00a0\u00a0\u00a0 Die Sch\u00fcler der deutschsen Sektion ab der 3\u00e8me<\/p>\n<p><strong>Kosten :\u00a0\u00a0\u00a0\u00a0\u00a0\u00a0\u00a0\u00a0\u00a0\u00a0\u00a0\u00a0 <\/strong>ca. 200\u20ac<\/p>\n<p>Keine Voraussetzungen, jeder kann teilnehmen.<\/p>\n<p>Der Kurs wird von der APEG organisiert.<\/p>\n<p>&nbsp;<\/p>\n<p>Die Auff\u00fchrung des St\u00fcckes findet voraussichtlich im Fr\u00fchjahr 2023 statt. Wir werden Sie an dieser Stelle dar\u00fcber informieren.<\/p>\n<p>[\/et_pb_text][\/et_pb_column][\/et_pb_row][\/et_pb_section]<\/p>\n","protected":false},"excerpt":{"rendered":"<p>Saison 2022-2023<\/p>\n<p>Auf der B\u00fchne stehen, Rollen einstudieren, Emotionen und Charaktere verk\u00f6rpern &#8230; <\/p>\n","protected":false},"author":3,"featured_media":2122,"comment_status":"closed","ping_status":"closed","sticky":false,"template":"","format":"standard","meta":{"_et_pb_use_builder":"on","_et_pb_old_content":"","_et_gb_content_width":"1080","footnotes":""},"categories":[1],"tags":[],"class_list":["post-2342","post","type-post","status-publish","format-standard","has-post-thumbnail","hentry","category-non-classifiee"],"_links":{"self":[{"href":"https:\/\/www.apeg.eu\/de\/wp-json\/wp\/v2\/posts\/2342","targetHints":{"allow":["GET"]}}],"collection":[{"href":"https:\/\/www.apeg.eu\/de\/wp-json\/wp\/v2\/posts"}],"about":[{"href":"https:\/\/www.apeg.eu\/de\/wp-json\/wp\/v2\/types\/post"}],"author":[{"embeddable":true,"href":"https:\/\/www.apeg.eu\/de\/wp-json\/wp\/v2\/users\/3"}],"replies":[{"embeddable":true,"href":"https:\/\/www.apeg.eu\/de\/wp-json\/wp\/v2\/comments?post=2342"}],"version-history":[{"count":31,"href":"https:\/\/www.apeg.eu\/de\/wp-json\/wp\/v2\/posts\/2342\/revisions"}],"predecessor-version":[{"id":2491,"href":"https:\/\/www.apeg.eu\/de\/wp-json\/wp\/v2\/posts\/2342\/revisions\/2491"}],"wp:featuredmedia":[{"embeddable":true,"href":"https:\/\/www.apeg.eu\/de\/wp-json\/wp\/v2\/media\/2122"}],"wp:attachment":[{"href":"https:\/\/www.apeg.eu\/de\/wp-json\/wp\/v2\/media?parent=2342"}],"wp:term":[{"taxonomy":"category","embeddable":true,"href":"https:\/\/www.apeg.eu\/de\/wp-json\/wp\/v2\/categories?post=2342"},{"taxonomy":"post_tag","embeddable":true,"href":"https:\/\/www.apeg.eu\/de\/wp-json\/wp\/v2\/tags?post=2342"}],"curies":[{"name":"wp","href":"https:\/\/api.w.org\/{rel}","templated":true}]}}